{"id":1000,"date":"2026-08-21T08:40:32","date_gmt":"2026-08-21T08:40:32","guid":{"rendered":"https:\/\/www.tauladecanvis.com\/?p=1000"},"modified":"2026-08-21T08:46:12","modified_gmt":"2026-08-21T08:46:12","slug":"menu-de-la-cinta-2","status":"publish","type":"post","link":"https:\/\/www.tauladecanvis.com\/index.php\/2026\/08\/21\/menu-de-la-cinta-2\/","title":{"rendered":"Men\u00fa de la Cinta"},"content":{"rendered":"\t\t<div data-elementor-type=\"wp-post\" data-elementor-id=\"1000\" class=\"elementor elementor-1000\">\n\t\t\t\t<div class=\"elementor-element elementor-element-9279272 e-flex e-con-boxed e-con e-parent\" data-id=\"9279272\" data-element_type=\"container\" data-e-type=\"container\">\n\t\t\t\t\t<div class=\"e-con-inner\">\n\t\t\t\t<div class=\"elementor-element elementor-element-e8c043c elementor-widget elementor-widget-text-editor\" data-id=\"e8c043c\" data-element_type=\"widget\" data-e-type=\"widget\" data-widget_type=\"text-editor.default\">\n\t\t\t\t<div class=\"elementor-widget-container\">\n\t\t\t\t\t\t\t\t\t<h5 data-pm-slice=\"1 1 []\">\u2728 <strong data-start=\"90\" data-end=\"132\">Men\u00fa especial per al dia de la Cinta<\/strong> \u2728<br data-start=\"134\" data-end=\"137\" \/>Amb motiu de la festa major de la nostra ciutat, el 6<strong data-start=\"189\" data-end=\"206\">\u00a0de setembre<\/strong> celebrem <strong data-start=\"216\" data-end=\"240\" data-is-only-node=\"\">la Diada de la Cinta<\/strong>, en honor a la nostra patrona, la <strong data-start=\"275\" data-end=\"296\">Verge de la Cinta<\/strong>.<br data-start=\"297\" data-end=\"300\" \/>Al restaurant Taula de Canvis hem preparat un <strong data-start=\"346\" data-end=\"372\">men\u00fa especial i festiu<\/strong>, pensat per compartir taula i tradici\u00f3 amb aquells que estimen les nostres arrels.<br data-start=\"455\" data-end=\"458\" \/>Us hi esperem per celebrar junts aquest dia tan assenyalat. \ud83d\udcab<\/h5><p data-pm-slice=\"1 1 []\">Per a m\u00e9s informaci\u00f3 sobre la disponibilitat dels men\u00fas o altres inc\u00f2gnites, no dubteu a <a href=\"https:\/\/www.tauladecanvis.com\/index.php\/reserva\/\">contactar amb nosaltres<\/a>.<\/p>\t\t\t\t\t\t\t\t<\/div>\n\t\t\t\t<\/div>\n\t\t\t\t<div class=\"elementor-element elementor-element-c117e90 elementor-widget elementor-widget-image\" data-id=\"c117e90\" data-element_type=\"widget\" data-e-type=\"widget\" data-widget_type=\"image.default\">\n\t\t\t\t<div class=\"elementor-widget-container\">\n\t\t\t\t\t\t\t\t\t\t\t\t\t\t\t<img fetchpriority=\"high\" decoding=\"async\" width=\"640\" height=\"546\" src=\"https:\/\/www.tauladecanvis.com\/wp-content\/uploads\/2026\/08\/Menu-Cinta-2026-All.jpg\" class=\"attachment-large size-large wp-image-1242\" alt=\"\" srcset=\"https:\/\/www.tauladecanvis.com\/wp-content\/uploads\/2026\/08\/Menu-Cinta-2026-All.jpg 1024w, https:\/\/www.tauladecanvis.com\/wp-content\/uploads\/2026\/08\/Menu-Cinta-2026-All-300x256.jpg 300w, https:\/\/www.tauladecanvis.com\/wp-content\/uploads\/2026\/08\/Menu-Cinta-2026-All-768x655.jpg 768w\" sizes=\"(max-width: 640px) 100vw, 640px\" \/>\t\t\t\t\t\t\t\t\t\t\t\t\t\t\t<\/div>\n\t\t\t\t<\/div>\n\t\t\t\t\t<\/div>\n\t\t\t\t<\/div>\n\t\t\t\t<\/div>\n\t\t","protected":false},"excerpt":{"rendered":"<p>\u2728 Men\u00fa especial per al dia de la Cinta \u2728Amb motiu de la festa major de la nostra ciutat, el 6\u00a0de setembre celebrem la Diada de la Cinta, en honor a la nostra patrona, la Verge de la Cinta.Al restaurant Taula de Canvis hem preparat un men\u00fa especial i festiu, pensat per compartir taula i [&hellip;]<\/p>\n","protected":false},"author":1,"featured_media":942,"comment_status":"open","ping_status":"open","sticky":false,"template":"","format":"standard","meta":{"footnotes":""},"categories":[24],"tags":[],"class_list":["post-1000","post","type-post","status-publish","format-standard","has-post-thumbnail","hentry","category-menu"],"_links":{"self":[{"href":"https:\/\/www.tauladecanvis.com\/index.php\/wp-json\/wp\/v2\/posts\/1000","targetHints":{"allow":["GET"]}}],"collection":[{"href":"https:\/\/www.tauladecanvis.com\/index.php\/wp-json\/wp\/v2\/posts"}],"about":[{"href":"https:\/\/www.tauladecanvis.com\/index.php\/wp-json\/wp\/v2\/types\/post"}],"author":[{"embeddable":true,"href":"https:\/\/www.tauladecanvis.com\/index.php\/wp-json\/wp\/v2\/users\/1"}],"replies":[{"embeddable":true,"href":"https:\/\/www.tauladecanvis.com\/index.php\/wp-json\/wp\/v2\/comments?post=1000"}],"version-history":[{"count":4,"href":"https:\/\/www.tauladecanvis.com\/index.php\/wp-json\/wp\/v2\/posts\/1000\/revisions"}],"predecessor-version":[{"id":1245,"href":"https:\/\/www.tauladecanvis.com\/index.php\/wp-json\/wp\/v2\/posts\/1000\/revisions\/1245"}],"wp:attachment":[{"href":"https:\/\/www.tauladecanvis.com\/index.php\/wp-json\/wp\/v2\/media?parent=1000"}],"wp:term":[{"taxonomy":"category","embeddable":true,"href":"https:\/\/www.tauladecanvis.com\/index.php\/wp-json\/wp\/v2\/categories?post=1000"},{"taxonomy":"post_tag","embeddable":true,"href":"https:\/\/www.tauladecanvis.com\/index.php\/wp-json\/wp\/v2\/tags?post=1000"}],"curies":[{"name":"wp","href":"https:\/\/api.w.org\/{rel}","templated":true}]}}